{"id":838,"date":"2022-07-01T12:00:00","date_gmt":"2022-07-01T10:00:00","guid":{"rendered":"https:\/\/notairesaufeminin.com\/?p=838"},"modified":"2023-05-05T12:00:48","modified_gmt":"2023-05-05T10:00:48","slug":"cohesion-entre-notaires-bilan-dun-franc-succes","status":"publish","type":"post","link":"https:\/\/notairesaufeminin.com\/index.php\/2022\/07\/01\/cohesion-entre-notaires-bilan-dun-franc-succes\/","title":{"rendered":"Coh\u00e9sion entre notaires : bilan d&rsquo;un franc succ\u00e8s &#8211; 1er juillet 2022"},"content":{"rendered":"\n<div class=\"wp-block-columns is-layout-flex wp-container-core-columns-is-layout-28f84493 wp-block-columns-is-layout-flex\">\n<div class=\"wp-block-column is-layout-flow wp-block-column-is-layout-flow\">\n<p>Notaires\u00a0au\u00a0F\u00e9minin.com\u00a0: Coh\u00e9sion entre notaires et promotion de la profession.<\/p>\n\n\n\n<p>\u25b6\ufe0f Bilan d\u2019un franc succ\u00e8s et perspectives.<\/p>\n\n\n\n<p>Merci \u00e0 David Ambrosiano, notre parrain, et \u00e0 Sophie Sabot\u2013Barcet de nous avoir re\u00e7ues au Conseil Sup\u00e9rieur du Notariat.<\/p>\n<\/div>\n\n\n\n<div class=\"wp-block-column is-layout-flow wp-block-column-is-layout-flow\">\n<figure class=\"wp-block-image size-full\"><img fetchpriority=\"high\" decoding=\"async\" width=\"800\" height=\"1023\" src=\"https:\/\/notairesaufeminin.com\/wp-content\/uploads\/2023\/05\/cohesion-entre-notaires.jpeg\" alt=\"coh\u00e9sion entre notaires\" class=\"wp-image-840\" srcset=\"https:\/\/notairesaufeminin.com\/wp-content\/uploads\/2023\/05\/cohesion-entre-notaires.jpeg 800w, https:\/\/notairesaufeminin.com\/wp-content\/uploads\/2023\/05\/cohesion-entre-notaires-235x300.jpeg 235w, https:\/\/notairesaufeminin.com\/wp-content\/uploads\/2023\/05\/cohesion-entre-notaires-768x982.jpeg 768w\" sizes=\"(max-width: 800px) 100vw, 800px\" \/><\/figure>\n<\/div>\n<\/div>\n","protected":false},"excerpt":{"rendered":"<p>Notaires\u00a0au\u00a0F\u00e9minin.com\u00a0: Coh\u00e9sion entre notaires et promotion de la profession. \u25b6\ufe0f Bilan d\u2019un franc succ\u00e8s et perspectives. Merci \u00e0 David Ambrosiano, notre parrain, et \u00e0 Sophie Sabot\u2013Barcet de nous avoir re\u00e7ues au Conseil Sup\u00e9rieur du Notariat.<\/p>\n","protected":false},"author":1,"featured_media":840,"comment_status":"closed","ping_status":"open","sticky":false,"template":"","format":"standard","meta":{"footnotes":""},"categories":[7],"tags":[],"class_list":["post-838","post","type-post","status-publish","format-standard","has-post-thumbnail","hentry","category-nos-evenements"],"_links":{"self":[{"href":"https:\/\/notairesaufeminin.com\/index.php\/wp-json\/wp\/v2\/posts\/838","targetHints":{"allow":["GET"]}}],"collection":[{"href":"https:\/\/notairesaufeminin.com\/index.php\/wp-json\/wp\/v2\/posts"}],"about":[{"href":"https:\/\/notairesaufeminin.com\/index.php\/wp-json\/wp\/v2\/types\/post"}],"author":[{"embeddable":true,"href":"https:\/\/notairesaufeminin.com\/index.php\/wp-json\/wp\/v2\/users\/1"}],"replies":[{"embeddable":true,"href":"https:\/\/notairesaufeminin.com\/index.php\/wp-json\/wp\/v2\/comments?post=838"}],"version-history":[{"count":2,"href":"https:\/\/notairesaufeminin.com\/index.php\/wp-json\/wp\/v2\/posts\/838\/revisions"}],"predecessor-version":[{"id":841,"href":"https:\/\/notairesaufeminin.com\/index.php\/wp-json\/wp\/v2\/posts\/838\/revisions\/841"}],"wp:featuredmedia":[{"embeddable":true,"href":"https:\/\/notairesaufeminin.com\/index.php\/wp-json\/wp\/v2\/media\/840"}],"wp:attachment":[{"href":"https:\/\/notairesaufeminin.com\/index.php\/wp-json\/wp\/v2\/media?parent=838"}],"wp:term":[{"taxonomy":"category","embeddable":true,"href":"https:\/\/notairesaufeminin.com\/index.php\/wp-json\/wp\/v2\/categories?post=838"},{"taxonomy":"post_tag","embeddable":true,"href":"https:\/\/notairesaufeminin.com\/index.php\/wp-json\/wp\/v2\/tags?post=838"}],"curies":[{"name":"wp","href":"https:\/\/api.w.org\/{rel}","templated":true}]}}