{"id":821,"date":"2022-09-16T11:03:00","date_gmt":"2022-09-16T09:03:00","guid":{"rendered":"https:\/\/notairesaufeminin.com\/?p=821"},"modified":"2023-05-05T11:06:01","modified_gmt":"2023-05-05T09:06:01","slug":"csn-et-notaires-au-feminin-com-15-septembre-2022","status":"publish","type":"post","link":"https:\/\/notairesaufeminin.com\/index.php\/2022\/09\/16\/csn-et-notaires-au-feminin-com-15-septembre-2022\/","title":{"rendered":"CSN et Notaires au F\u00e9minin.com &#8211; 15 septembre 2022"},"content":{"rendered":"\n<p>Notaires au F\u00e9minin et Notaires au c\u0153ur des Familles (NCF).<br>Gr\u00e2ce au CSN et la journ\u00e9e des communicants de la Profession le lien est fait\u2026.<\/p>\n\n\n\n<p>Barbara Thomas David avec Marc Girard, Ambassadeur M\u00e9diation CSN et Pr\u00e9sident NCF<\/p>\n\n\n\n<figure class=\"wp-block-image aligncenter size-full is-resized\"><img fetchpriority=\"high\" decoding=\"async\" src=\"https:\/\/notairesaufeminin.com\/wp-content\/uploads\/2023\/05\/marc-girard.jpeg\" alt=\"Marc Girard et Barbara Thomas David\" class=\"wp-image-823\" width=\"614\" height=\"461\" srcset=\"https:\/\/notairesaufeminin.com\/wp-content\/uploads\/2023\/05\/marc-girard.jpeg 800w, https:\/\/notairesaufeminin.com\/wp-content\/uploads\/2023\/05\/marc-girard-300x225.jpeg 300w, https:\/\/notairesaufeminin.com\/wp-content\/uploads\/2023\/05\/marc-girard-768x576.jpeg 768w\" sizes=\"(max-width: 614px) 100vw, 614px\" \/><\/figure>\n","protected":false},"excerpt":{"rendered":"<p>Notaires au F\u00e9minin et Notaires au c\u0153ur des Familles (NCF).Gr\u00e2ce au CSN et la journ\u00e9e des communicants de la Profession le lien est fait\u2026. Barbara Thomas David avec Marc Girard, Ambassadeur M\u00e9diation CSN et Pr\u00e9sident NCF<\/p>\n","protected":false},"author":1,"featured_media":823,"comment_status":"closed","ping_status":"open","sticky":false,"template":"","format":"standard","meta":{"footnotes":""},"categories":[7],"tags":[],"class_list":["post-821","post","type-post","status-publish","format-standard","has-post-thumbnail","hentry","category-nos-evenements"],"_links":{"self":[{"href":"https:\/\/notairesaufeminin.com\/index.php\/wp-json\/wp\/v2\/posts\/821","targetHints":{"allow":["GET"]}}],"collection":[{"href":"https:\/\/notairesaufeminin.com\/index.php\/wp-json\/wp\/v2\/posts"}],"about":[{"href":"https:\/\/notairesaufeminin.com\/index.php\/wp-json\/wp\/v2\/types\/post"}],"author":[{"embeddable":true,"href":"https:\/\/notairesaufeminin.com\/index.php\/wp-json\/wp\/v2\/users\/1"}],"replies":[{"embeddable":true,"href":"https:\/\/notairesaufeminin.com\/index.php\/wp-json\/wp\/v2\/comments?post=821"}],"version-history":[{"count":2,"href":"https:\/\/notairesaufeminin.com\/index.php\/wp-json\/wp\/v2\/posts\/821\/revisions"}],"predecessor-version":[{"id":824,"href":"https:\/\/notairesaufeminin.com\/index.php\/wp-json\/wp\/v2\/posts\/821\/revisions\/824"}],"wp:featuredmedia":[{"embeddable":true,"href":"https:\/\/notairesaufeminin.com\/index.php\/wp-json\/wp\/v2\/media\/823"}],"wp:attachment":[{"href":"https:\/\/notairesaufeminin.com\/index.php\/wp-json\/wp\/v2\/media?parent=821"}],"wp:term":[{"taxonomy":"category","embeddable":true,"href":"https:\/\/notairesaufeminin.com\/index.php\/wp-json\/wp\/v2\/categories?post=821"},{"taxonomy":"post_tag","embeddable":true,"href":"https:\/\/notairesaufeminin.com\/index.php\/wp-json\/wp\/v2\/tags?post=821"}],"curies":[{"name":"wp","href":"https:\/\/api.w.org\/{rel}","templated":true}]}}