{"id":378,"date":"2022-03-09T09:00:06","date_gmt":"2022-03-09T08:00:06","guid":{"rendered":"https:\/\/notairesaufeminin.com\/?p=378"},"modified":"2022-05-31T16:09:59","modified_gmt":"2022-05-31T14:09:59","slug":"20-journee-internationale-des-droits-des-femmes-evenement-denvergure-notaires-au-feminin-com-perspectives-au-feminin-regards-croises-le-9-mars-2022-a-16h30-au-conseil-superieu","status":"publish","type":"post","link":"https:\/\/notairesaufeminin.com\/index.php\/2022\/03\/09\/20-journee-internationale-des-droits-des-femmes-evenement-denvergure-notaires-au-feminin-com-perspectives-au-feminin-regards-croises-le-9-mars-2022-a-16h30-au-conseil-superieu\/","title":{"rendered":"Journ\u00e9e Internationale Des Droits Des Femmes \u2013 Ev\u00e8nement d\u2019envergure Notaires au F\u00e9minin.com  : Perspectives au f\u00e9minin -regards crois\u00e9s &#8211; Le 9 mars 2022 \u00e0 16h30 au Conseil Sup\u00e9rieur du Notariat"},"content":{"rendered":"\n<p><em>&nbsp;Apr\u00e8s-midi anim\u00e9e par Fabrice&nbsp;<strong>LUNDY<\/strong>, journaliste \u00e0 Radio Classique.<\/em><\/p>\n\n\n\n<p><strong><em>Pr\u00e9sentation \u2013 Discours&nbsp;<\/em><\/strong><\/p>\n\n\n\n<p>. Pr\u00e9sentation de l\u2019association par Barbara&nbsp;<strong>THOMAS-DAVID<\/strong>, Notaire \u2013 Pr\u00e9sidente fondatrice de l\u2019association&nbsp;<\/p>\n\n\n\n<p>. Discours de Mich\u00e8le&nbsp;<strong>ALLIOT-MARIE<\/strong>, Ancienne Ministre et Garde des Sceaux<\/p>\n\n\n\n<p>. Discours de Sylvie&nbsp;<strong>BERMANN<\/strong>, Ancienne Ambassadrice (Chine, Royaume-Uni, Russie) Pr\u00e9sidente de l\u2019Institut des hautes \u00e9tudes de d\u00e9fense nationale,&nbsp;<\/p>\n\n\n\n<p><strong><em>1\u00e8re table ronde<\/em><\/strong><strong><em>&nbsp;<\/em><\/strong><strong><em>\u2013 Femmes politiques<\/em><\/strong><strong><em><\/em><\/strong><\/p>\n\n\n\n<p>. Mich\u00e8le&nbsp;<strong>ALLIOT-MARIE<\/strong>, Ancienne Ministre et Garde des Sceaux<\/p>\n\n\n\n<p>. Florence&nbsp;<strong>PORTELLI<\/strong>, Vice-Pr\u00e9sidente de la r\u00e9gion Ile de France&nbsp;<\/p>\n\n\n\n<p>. Marie-Pierre&nbsp;<strong>RIXAIN<\/strong>, D\u00e9put\u00e9e \u2013 Pr\u00e9sidente de la D\u00e9l\u00e9gation de l\u2019Assembl\u00e9e nationale aux droits des femmes et \u00e0 l\u2019\u00e9galit\u00e9 des chances entre&nbsp;les hommes et les femmes<\/p>\n\n\n\n<p>. Le regard du notaire&nbsp;: Barbara&nbsp;<strong>THOMAS-DAVID<\/strong><\/p>\n\n\n\n<p><strong><em>2\u00e8me table ronde<\/em><\/strong><strong><em>&nbsp;<\/em><\/strong><strong><em>\u2013 Cheffes d\u2019entreprises<\/em><\/strong><strong><em><\/em><\/strong><\/p>\n\n\n\n<p>. H\u00e9l\u00e8ne&nbsp;<strong>BOURBOULOUX<\/strong>, Administrateur Judiciaire \u2013 Pr\u00e9sidente&nbsp;<strong>d\u2019HEC au f\u00e9minin<\/strong><\/p>\n\n\n\n<p>. Ang\u00e9lique&nbsp;<strong>GERARD<\/strong>, Directrice de la relation abonn\u00e9 du groupe&nbsp;<strong>ILIAD<\/strong>&nbsp;\u2013 Conseill\u00e8re aupr\u00e8s de Xavier&nbsp;<strong>NIEL<\/strong><\/p>\n\n\n\n<p>. Fran\u00e7oise&nbsp;<strong>SAVES<\/strong>, Expert-comptable \u2013 Past-Pr\u00e9sidente de l\u2019association Femmes experts-comptables<\/p>\n\n\n\n<p>. Le regard du notaire&nbsp;: Marie-Pierre&nbsp;<strong>PERE<\/strong><\/p>\n\n\n\n<p><strong><em>3\u00e8me table ronde<\/em><\/strong><strong><em>&nbsp;<\/em><\/strong><strong><em>\u2013 Femmes notaires&nbsp;<\/em><\/strong><\/p>\n\n\n\n<p>. Nathalie&nbsp;<strong>COUZIGOU-SUHAS<\/strong>,&nbsp;Notaire \u00e0 Paris, charg\u00e9e d&rsquo;enseignement \u00e0 l&rsquo;universit\u00e9 de Paris I-Sorbonne et \u00e0 l&rsquo;\u00c9cole Nationale de la Magistrature<\/p>\n\n\n\n<p>. Marie-Florence&nbsp;<strong>ZAMPIERO<\/strong>, Notaire \u00e0&nbsp;Reims, pr\u00e9sidente de l\u2019assembl\u00e9e de liaisondes Notaires de France<\/p>\n\n\n\n<p>. Alexia&nbsp;<strong>ARNO<\/strong>,&nbsp;Notaire \u00e0 Paris,&nbsp;Pr\u00e9sidente de l\u2019Association Rencontres Notariales Culturelles et Orchestrales et de Lab Notaire<\/p>\n\n\n\n<p>. C\u00e9cile&nbsp;<strong>GUIDOT<\/strong>, Dipl\u00f4m\u00e9e&nbsp;Notaire&nbsp;et Ecrivaine<\/p>\n\n\n\n<p><strong><em>Egalit\u00e9 Femmes-Hommes&nbsp;: Une grande cause et apr\u00e8s&nbsp;?<\/em><\/strong><em>&nbsp;<\/em><strong><em>\u2013 Interview d\u2019Anne-Marie Rocco&nbsp;\u00e0 l\u2019occasion de la sortie de&nbsp;son livre.<\/em><\/strong><\/p>\n\n\n\n<p><\/p>\n\n\n\n<figure class=\"wp-block-image size-large\"><img fetchpriority=\"high\" decoding=\"async\" width=\"793\" height=\"793\" src=\"https:\/\/notairesaufeminin.com\/wp-content\/uploads\/2022\/05\/image013.png\" alt=\"\" class=\"wp-image-381\" srcset=\"https:\/\/notairesaufeminin.com\/wp-content\/uploads\/2022\/05\/image013.png 793w, https:\/\/notairesaufeminin.com\/wp-content\/uploads\/2022\/05\/image013-300x300.png 300w, https:\/\/notairesaufeminin.com\/wp-content\/uploads\/2022\/05\/image013-150x150.png 150w, https:\/\/notairesaufeminin.com\/wp-content\/uploads\/2022\/05\/image013-768x768.png 768w\" sizes=\"(max-width: 793px) 100vw, 793px\" \/><\/figure>\n","protected":false},"excerpt":{"rendered":"<p>&nbsp;Apr\u00e8s-midi anim\u00e9e par Fabrice&nbsp;LUNDY, journaliste \u00e0 Radio Classique. Pr\u00e9sentation \u2013 Discours&nbsp; . Pr\u00e9sentation de l\u2019association par Barbara&nbsp;THOMAS-DAVID, Notaire \u2013 Pr\u00e9sidente fondatrice de l\u2019association&nbsp; . Discours de Mich\u00e8le&nbsp;ALLIOT-MARIE, Ancienne Ministre et Garde des Sceaux . Discours de Sylvie&nbsp;BERMANN, Ancienne Ambassadrice (Chine, Royaume-Uni, Russie) Pr\u00e9sidente de l\u2019Institut des hautes \u00e9tudes de d\u00e9fense nationale,&nbsp; 1\u00e8re table ronde&nbsp;\u2013 Femmes [&hellip;]<\/p>\n","protected":false},"author":1,"featured_media":546,"comment_status":"closed","ping_status":"open","sticky":false,"template":"","format":"standard","meta":{"footnotes":""},"categories":[6],"tags":[],"class_list":["post-378","post","type-post","status-publish","format-standard","has-post-thumbnail","hentry","category-press-media"],"_links":{"self":[{"href":"https:\/\/notairesaufeminin.com\/index.php\/wp-json\/wp\/v2\/posts\/378","targetHints":{"allow":["GET"]}}],"collection":[{"href":"https:\/\/notairesaufeminin.com\/index.php\/wp-json\/wp\/v2\/posts"}],"about":[{"href":"https:\/\/notairesaufeminin.com\/index.php\/wp-json\/wp\/v2\/types\/post"}],"author":[{"embeddable":true,"href":"https:\/\/notairesaufeminin.com\/index.php\/wp-json\/wp\/v2\/users\/1"}],"replies":[{"embeddable":true,"href":"https:\/\/notairesaufeminin.com\/index.php\/wp-json\/wp\/v2\/comments?post=378"}],"version-history":[{"count":6,"href":"https:\/\/notairesaufeminin.com\/index.php\/wp-json\/wp\/v2\/posts\/378\/revisions"}],"predecessor-version":[{"id":600,"href":"https:\/\/notairesaufeminin.com\/index.php\/wp-json\/wp\/v2\/posts\/378\/revisions\/600"}],"wp:featuredmedia":[{"embeddable":true,"href":"https:\/\/notairesaufeminin.com\/index.php\/wp-json\/wp\/v2\/media\/546"}],"wp:attachment":[{"href":"https:\/\/notairesaufeminin.com\/index.php\/wp-json\/wp\/v2\/media?parent=378"}],"wp:term":[{"taxonomy":"category","embeddable":true,"href":"https:\/\/notairesaufeminin.com\/index.php\/wp-json\/wp\/v2\/categories?post=378"},{"taxonomy":"post_tag","embeddable":true,"href":"https:\/\/notairesaufeminin.com\/index.php\/wp-json\/wp\/v2\/tags?post=378"}],"curies":[{"name":"wp","href":"https:\/\/api.w.org\/{rel}","templated":true}]}}