{"id":1166,"date":"2024-11-19T12:01:00","date_gmt":"2024-11-19T11:01:00","guid":{"rendered":"https:\/\/notairesaufeminin.com\/?p=1166"},"modified":"2025-06-25T12:08:04","modified_gmt":"2025-06-25T10:08:04","slug":"participation-2eme-raid-notaires-maroc","status":"publish","type":"post","link":"https:\/\/notairesaufeminin.com\/index.php\/2024\/11\/19\/participation-2eme-raid-notaires-maroc\/","title":{"rendered":"Participation au 2\u00e8me raid des notaires au Maroc &#8211; 11 au 15 novembre 2024"},"content":{"rendered":"\n<p>Un grand bravo \u00e0 nos deux cons\u0153urs et membres de NOTAIRES AU F\u00c9MININ Carole Margnes et Helene Lero, ainsi qu\u2019\u00e0 sa brillante organisatrice, Anne-Sophie Arnal qui ont particip\u00e9 au deuxi\u00e8me raid des notaires au Maroc !<\/p>\n\n\n\n<p><\/p>\n\n\n\n<figure class=\"wp-block-gallery has-nested-images columns-default is-cropped wp-block-gallery-1 is-layout-flex wp-block-gallery-is-layout-flex\">\n<figure class=\"wp-block-image size-full\"><img fetchpriority=\"high\" decoding=\"async\" width=\"736\" height=\"800\" data-id=\"1167\" src=\"https:\/\/notairesaufeminin.com\/wp-content\/uploads\/2025\/06\/20241115-raid-notaires-maroc-02.jpg\" alt=\"&quot;&quot;\" class=\"wp-image-1167\" srcset=\"https:\/\/notairesaufeminin.com\/wp-content\/uploads\/2025\/06\/20241115-raid-notaires-maroc-02.jpg 736w, https:\/\/notairesaufeminin.com\/wp-content\/uploads\/2025\/06\/20241115-raid-notaires-maroc-02-276x300.jpg 276w\" sizes=\"(max-width: 736px) 100vw, 736px\" \/><\/figure>\n\n\n\n<figure class=\"wp-block-image size-full\"><img decoding=\"async\" width=\"632\" height=\"800\" data-id=\"1168\" src=\"https:\/\/notairesaufeminin.com\/wp-content\/uploads\/2025\/06\/20241115-raid-notaires-maroc-01.jpg\" alt=\"&quot;&quot;\" class=\"wp-image-1168\" srcset=\"https:\/\/notairesaufeminin.com\/wp-content\/uploads\/2025\/06\/20241115-raid-notaires-maroc-01.jpg 632w, https:\/\/notairesaufeminin.com\/wp-content\/uploads\/2025\/06\/20241115-raid-notaires-maroc-01-237x300.jpg 237w\" sizes=\"(max-width: 632px) 100vw, 632px\" \/><\/figure>\n<\/figure>\n","protected":false},"excerpt":{"rendered":"<p>Un grand bravo \u00e0 nos deux cons\u0153urs et membres de NOTAIRES AU F\u00c9MININ Carole Margnes et Helene Lero, ainsi qu\u2019\u00e0 sa brillante organisatrice, Anne-Sophie Arnal qui ont particip\u00e9 au deuxi\u00e8me raid des notaires au Maroc !<\/p>\n","protected":false},"author":1,"featured_media":1167,"comment_status":"closed","ping_status":"open","sticky":false,"template":"","format":"standard","meta":{"footnotes":""},"categories":[7],"tags":[],"class_list":["post-1166","post","type-post","status-publish","format-standard","has-post-thumbnail","hentry","category-nos-evenements"],"_links":{"self":[{"href":"https:\/\/notairesaufeminin.com\/index.php\/wp-json\/wp\/v2\/posts\/1166","targetHints":{"allow":["GET"]}}],"collection":[{"href":"https:\/\/notairesaufeminin.com\/index.php\/wp-json\/wp\/v2\/posts"}],"about":[{"href":"https:\/\/notairesaufeminin.com\/index.php\/wp-json\/wp\/v2\/types\/post"}],"author":[{"embeddable":true,"href":"https:\/\/notairesaufeminin.com\/index.php\/wp-json\/wp\/v2\/users\/1"}],"replies":[{"embeddable":true,"href":"https:\/\/notairesaufeminin.com\/index.php\/wp-json\/wp\/v2\/comments?post=1166"}],"version-history":[{"count":2,"href":"https:\/\/notairesaufeminin.com\/index.php\/wp-json\/wp\/v2\/posts\/1166\/revisions"}],"predecessor-version":[{"id":1170,"href":"https:\/\/notairesaufeminin.com\/index.php\/wp-json\/wp\/v2\/posts\/1166\/revisions\/1170"}],"wp:featuredmedia":[{"embeddable":true,"href":"https:\/\/notairesaufeminin.com\/index.php\/wp-json\/wp\/v2\/media\/1167"}],"wp:attachment":[{"href":"https:\/\/notairesaufeminin.com\/index.php\/wp-json\/wp\/v2\/media?parent=1166"}],"wp:term":[{"taxonomy":"category","embeddable":true,"href":"https:\/\/notairesaufeminin.com\/index.php\/wp-json\/wp\/v2\/categories?post=1166"},{"taxonomy":"post_tag","embeddable":true,"href":"https:\/\/notairesaufeminin.com\/index.php\/wp-json\/wp\/v2\/tags?post=1166"}],"curies":[{"name":"wp","href":"https:\/\/api.w.org\/{rel}","templated":true}]}}