{"id":1096,"date":"2024-12-13T18:43:00","date_gmt":"2024-12-13T17:43:00","guid":{"rendered":"https:\/\/notairesaufeminin.com\/?p=1096"},"modified":"2025-06-24T18:52:12","modified_gmt":"2025-06-24T16:52:12","slug":"entretien-village-des-notaires-13-decembre-2024","status":"publish","type":"post","link":"https:\/\/notairesaufeminin.com\/index.php\/2024\/12\/13\/entretien-village-des-notaires-13-decembre-2024\/","title":{"rendered":"Entretien Village des Notaires &#8211; 13 d\u00e9cembre 2024"},"content":{"rendered":"\n<p>Un grand merci au Village des Notaires \u00a0pour cet entretien, en ma qualit\u00e9 de Pr\u00e9sidente-Fondatrice de l\u2019association <a href=\"http:\/\/xn--notairesaufminin-lqb.com\/\">NOTAIRESAUF\u00c9MININ.COM<\/a> qui f\u00eatera ses cinq ans d\u2019existence en 2025.<\/p>\n\n\n\n<p>\u00c0 cette occasion, la R\u00e9daction a souhait\u00e9 faire un point sur l\u2019activit\u00e9 et l\u2019actualit\u00e9 de notre association.\u00a0<\/p>\n\n\n\n<div style=\"height:50px\" aria-hidden=\"true\" class=\"wp-block-spacer\"><\/div>\n\n\n\n<div class=\"wp-block-buttons is-content-justification-center is-layout-flex wp-container-core-buttons-is-layout-a89b3969 wp-block-buttons-is-layout-flex\">\n<div class=\"wp-block-button has-custom-width wp-block-button__width-25\"><a class=\"wp-block-button__link has-background wp-element-button\" href=\"https:\/\/www.village-notaires-patrimoine.com\/entretien-les-cinq-ans-de-notaires-au-feminin-com-bilan-et-perspectives-par\" style=\"background-color:#ff17d2\" target=\"_blank\" rel=\"noreferrer noopener\">Lire l&rsquo;article<\/a><\/div>\n<\/div>\n\n\n\n<div style=\"height:50px\" aria-hidden=\"true\" class=\"wp-block-spacer\"><\/div>\n\n\n\n<figure class=\"wp-block-image size-full\"><img fetchpriority=\"high\" decoding=\"async\" width=\"838\" height=\"397\" src=\"https:\/\/notairesaufeminin.com\/wp-content\/uploads\/2025\/06\/20241213-entretien-5-ans-naf.jpg\" alt=\"\" class=\"wp-image-1097\" srcset=\"https:\/\/notairesaufeminin.com\/wp-content\/uploads\/2025\/06\/20241213-entretien-5-ans-naf.jpg 838w, https:\/\/notairesaufeminin.com\/wp-content\/uploads\/2025\/06\/20241213-entretien-5-ans-naf-300x142.jpg 300w, https:\/\/notairesaufeminin.com\/wp-content\/uploads\/2025\/06\/20241213-entretien-5-ans-naf-768x364.jpg 768w\" sizes=\"(max-width: 838px) 100vw, 838px\" \/><\/figure>\n","protected":false},"excerpt":{"rendered":"<p>Un grand merci au Village des Notaires \u00a0pour cet entretien, en ma qualit\u00e9 de Pr\u00e9sidente-Fondatrice de l\u2019association NOTAIRESAUF\u00c9MININ.COM qui f\u00eatera ses cinq ans d\u2019existence en 2025. \u00c0 cette occasion, la R\u00e9daction a souhait\u00e9 faire un point sur l\u2019activit\u00e9 et l\u2019actualit\u00e9 de notre association.\u00a0<\/p>\n","protected":false},"author":1,"featured_media":1097,"comment_status":"closed","ping_status":"open","sticky":false,"template":"","format":"standard","meta":{"footnotes":""},"categories":[7],"tags":[],"class_list":["post-1096","post","type-post","status-publish","format-standard","has-post-thumbnail","hentry","category-nos-evenements"],"_links":{"self":[{"href":"https:\/\/notairesaufeminin.com\/index.php\/wp-json\/wp\/v2\/posts\/1096","targetHints":{"allow":["GET"]}}],"collection":[{"href":"https:\/\/notairesaufeminin.com\/index.php\/wp-json\/wp\/v2\/posts"}],"about":[{"href":"https:\/\/notairesaufeminin.com\/index.php\/wp-json\/wp\/v2\/types\/post"}],"author":[{"embeddable":true,"href":"https:\/\/notairesaufeminin.com\/index.php\/wp-json\/wp\/v2\/users\/1"}],"replies":[{"embeddable":true,"href":"https:\/\/notairesaufeminin.com\/index.php\/wp-json\/wp\/v2\/comments?post=1096"}],"version-history":[{"count":1,"href":"https:\/\/notairesaufeminin.com\/index.php\/wp-json\/wp\/v2\/posts\/1096\/revisions"}],"predecessor-version":[{"id":1098,"href":"https:\/\/notairesaufeminin.com\/index.php\/wp-json\/wp\/v2\/posts\/1096\/revisions\/1098"}],"wp:featuredmedia":[{"embeddable":true,"href":"https:\/\/notairesaufeminin.com\/index.php\/wp-json\/wp\/v2\/media\/1097"}],"wp:attachment":[{"href":"https:\/\/notairesaufeminin.com\/index.php\/wp-json\/wp\/v2\/media?parent=1096"}],"wp:term":[{"taxonomy":"category","embeddable":true,"href":"https:\/\/notairesaufeminin.com\/index.php\/wp-json\/wp\/v2\/categories?post=1096"},{"taxonomy":"post_tag","embeddable":true,"href":"https:\/\/notairesaufeminin.com\/index.php\/wp-json\/wp\/v2\/tags?post=1096"}],"curies":[{"name":"wp","href":"https:\/\/api.w.org\/{rel}","templated":true}]}}