{"id":1092,"date":"2024-12-13T18:35:00","date_gmt":"2024-12-13T17:35:00","guid":{"rendered":"https:\/\/notairesaufeminin.com\/?p=1092"},"modified":"2025-06-24T19:03:56","modified_gmt":"2025-06-24T17:03:56","slug":"intervention-rencontres-egalite-economique-et-professionnelle","status":"publish","type":"post","link":"https:\/\/notairesaufeminin.com\/index.php\/2024\/12\/13\/intervention-rencontres-egalite-economique-et-professionnelle\/","title":{"rendered":"Intervention aux rencontres de l&rsquo;\u00e9galit\u00e9 \u00e9conomique et professionnelle &#8211; 10 d\u00e9cembre 2024"},"content":{"rendered":"\n<p>Le 10 d\u00e9cembre Barbara Thomas David intervenait aux 6\u00e8mes Rencontres de l&rsquo;Egalit\u00e9 \u00e9conomique et professionnelle organis\u00e9es \u00e0 l\u2019Assembl\u00e9e Nationale par Marie-Pierre Rixain, avec l\u2019intervention en ouverture du Ministre de l&rsquo;Economie, des Finances et de l&rsquo;Industrie, Monsieur Antoine Armand.<\/p>\n\n\n\n<p>Le th\u00e8me de cette ann\u00e9e : \u00ab\u00a0Rompre le cycle des violences \u00e9conomiques.\u00a0\u00bb <\/p>\n\n\n\n<p>\u0152uvrer au quotidien pour lutter juridiquement par l\u2019anticipation contre la d\u00e9pendance \u00e9conomique et les violences financi\u00e8res qui sont faites aux femmes, tel est l\u2019un des grands enjeux de notre association notairesauf\u00e9minin.com.<\/p>\n\n\n\n<p>Merci \u00e0 Marie-Pierre Rixain pour cette belle invitation qui nous a permis, avec Claudia Segre, Laetitia Dhervilly-Alfero, Mine G\u00fcnbay, Claudia BELLI, Margaret Johnston-Clarke, Monika Queisser-Richaud et Aurora Visentin, de faire un \u00e9tat des lieux et d\u2019\u00e9voquer ensemble des pistes d\u2019actions pour lutter juridiquement contre les violences \u00e9conomiques et financi\u00e8res, bases de toute autonomie..<\/p>\n\n\n\n<p>Merci \u00e9galement pour cette belle \u00ab&nbsp;loi Rixain&nbsp;\u00bb qui depuis son entr\u00e9e en vigueur :<\/p>\n\n\n\n<ul class=\"wp-block-list\">\n<li>Impose l\u2019obligation de verser salaires et allocations sociales individuelles sur un compte bancaire dont le ou la b\u00e9n\u00e9ficiaire est titulaire ou co-titulaire, et donc sans possibilit\u00e9 de le verser sur un compte tiers ; cela permet aux victimes de violences \u00e9conomiques, de s\u2019en pr\u00e9valoir devant le juge face \u00e0 des conjoints malveillants et d\u00e9termin\u00e9s \u00e0 confisquer leurs revenus ;<\/li>\n\n\n\n<li>Permet une proc\u00e9dure de droit au compte assouplie afin de prot\u00e9ger l\u2019autonomie \u00e9conomique en cas de violences au sein du couple et permettre \u00e0 une victime de s\u2019extraire de l\u2019emprise de l\u2019auteur de violences. En effet, jusqu\u2019alors, la d\u00e9tention d\u2019un compte commun faisait obstacle \u00e0 l\u2019ouverture d\u2019un compte individuel.<\/li>\n<\/ul>\n\n\n\n<p>Les notaires, au quotidien, par les conseils qu\u2019ils prodiguent et les actes qu\u2019ils r\u00e9digent concourent \u00e0 \u00e9viter les emprises financi\u00e8res et la d\u00e9pendance \u00e9conomique<\/p>\n\n\n\n<p>\ud83d\udca1Tout faire pour que les femmes comptent avec Laetitia Dhervilly-Alfero, Mine G\u00fcnbay, Claudia BELLI, Margaret Johnston-Clarke, Monika Queisser-Richaud, Aurora Visentin<\/p>\n\n\n\n<figure class=\"wp-block-gallery has-nested-images columns-2 is-cropped wp-block-gallery-1 is-layout-flex wp-block-gallery-is-layout-flex\">\n<figure class=\"wp-block-image size-full\"><img fetchpriority=\"high\" decoding=\"async\" width=\"369\" height=\"552\" data-id=\"1101\" src=\"https:\/\/notairesaufeminin.com\/wp-content\/uploads\/2024\/12\/20241210-rencontres-egalite-economique-04.jpg\" alt=\"\" class=\"wp-image-1101\" srcset=\"https:\/\/notairesaufeminin.com\/wp-content\/uploads\/2024\/12\/20241210-rencontres-egalite-economique-04.jpg 369w, https:\/\/notairesaufeminin.com\/wp-content\/uploads\/2024\/12\/20241210-rencontres-egalite-economique-04-201x300.jpg 201w\" sizes=\"(max-width: 369px) 100vw, 369px\" \/><\/figure>\n\n\n\n<figure class=\"wp-block-image size-full\"><img decoding=\"async\" width=\"702\" height=\"780\" data-id=\"1102\" src=\"https:\/\/notairesaufeminin.com\/wp-content\/uploads\/2024\/12\/20241210-rencontres-egalite-economique-03.jpg\" alt=\"\" class=\"wp-image-1102\" srcset=\"https:\/\/notairesaufeminin.com\/wp-content\/uploads\/2024\/12\/20241210-rencontres-egalite-economique-03.jpg 702w, https:\/\/notairesaufeminin.com\/wp-content\/uploads\/2024\/12\/20241210-rencontres-egalite-economique-03-270x300.jpg 270w\" sizes=\"(max-width: 702px) 100vw, 702px\" \/><\/figure>\n\n\n\n<figure class=\"wp-block-image size-full\"><img decoding=\"async\" width=\"599\" height=\"800\" data-id=\"1094\" src=\"https:\/\/notairesaufeminin.com\/wp-content\/uploads\/2025\/06\/20241210-rencontres-egalite-economique-01.jpg\" alt=\"\" class=\"wp-image-1094\" srcset=\"https:\/\/notairesaufeminin.com\/wp-content\/uploads\/2025\/06\/20241210-rencontres-egalite-economique-01.jpg 599w, https:\/\/notairesaufeminin.com\/wp-content\/uploads\/2025\/06\/20241210-rencontres-egalite-economique-01-225x300.jpg 225w\" sizes=\"(max-width: 599px) 100vw, 599px\" \/><\/figure>\n<\/figure>\n\n\n\n<p><\/p>\n","protected":false},"excerpt":{"rendered":"<p>Le 10 d\u00e9cembre Barbara Thomas David intervenait aux 6\u00e8mes Rencontres de l&rsquo;Egalit\u00e9 \u00e9conomique et professionnelle organis\u00e9es \u00e0 l\u2019Assembl\u00e9e Nationale par Marie-Pierre Rixain, avec l\u2019intervention en ouverture du Ministre de l&rsquo;Economie, des Finances et de l&rsquo;Industrie, Monsieur Antoine Armand. Le th\u00e8me de cette ann\u00e9e : \u00ab\u00a0Rompre le cycle des violences \u00e9conomiques.\u00a0\u00bb \u0152uvrer au quotidien pour lutter [&hellip;]<\/p>\n","protected":false},"author":1,"featured_media":1094,"comment_status":"closed","ping_status":"open","sticky":false,"template":"","format":"standard","meta":{"footnotes":""},"categories":[7],"tags":[],"class_list":["post-1092","post","type-post","status-publish","format-standard","has-post-thumbnail","hentry","category-nos-evenements"],"_links":{"self":[{"href":"https:\/\/notairesaufeminin.com\/index.php\/wp-json\/wp\/v2\/posts\/1092","targetHints":{"allow":["GET"]}}],"collection":[{"href":"https:\/\/notairesaufeminin.com\/index.php\/wp-json\/wp\/v2\/posts"}],"about":[{"href":"https:\/\/notairesaufeminin.com\/index.php\/wp-json\/wp\/v2\/types\/post"}],"author":[{"embeddable":true,"href":"https:\/\/notairesaufeminin.com\/index.php\/wp-json\/wp\/v2\/users\/1"}],"replies":[{"embeddable":true,"href":"https:\/\/notairesaufeminin.com\/index.php\/wp-json\/wp\/v2\/comments?post=1092"}],"version-history":[{"count":6,"href":"https:\/\/notairesaufeminin.com\/index.php\/wp-json\/wp\/v2\/posts\/1092\/revisions"}],"predecessor-version":[{"id":1100,"href":"https:\/\/notairesaufeminin.com\/index.php\/wp-json\/wp\/v2\/posts\/1092\/revisions\/1100"}],"wp:featuredmedia":[{"embeddable":true,"href":"https:\/\/notairesaufeminin.com\/index.php\/wp-json\/wp\/v2\/media\/1094"}],"wp:attachment":[{"href":"https:\/\/notairesaufeminin.com\/index.php\/wp-json\/wp\/v2\/media?parent=1092"}],"wp:term":[{"taxonomy":"category","embeddable":true,"href":"https:\/\/notairesaufeminin.com\/index.php\/wp-json\/wp\/v2\/categories?post=1092"},{"taxonomy":"post_tag","embeddable":true,"href":"https:\/\/notairesaufeminin.com\/index.php\/wp-json\/wp\/v2\/tags?post=1092"}],"curies":[{"name":"wp","href":"https:\/\/api.w.org\/{rel}","templated":true}]}}