{"id":1086,"date":"2024-11-24T18:33:00","date_gmt":"2024-11-24T17:33:00","guid":{"rendered":"https:\/\/notairesaufeminin.com\/?p=1086"},"modified":"2025-06-24T18:34:48","modified_gmt":"2025-06-24T16:34:48","slug":"colloque-femmes-justiciables-nov-2024","status":"publish","type":"post","link":"https:\/\/notairesaufeminin.com\/index.php\/2024\/11\/24\/colloque-femmes-justiciables-nov-2024\/","title":{"rendered":"Colloque de l&rsquo;Institut des Etudes et de la Recherche sur le Droit et la Justice &#8211; novembre 2024"},"content":{"rendered":"\n<p>Aujourd\u2019hui \u00e9tait organis\u00e9 le colloque : \u00ab\u00a0Femmes justiciables et professionnelles de justice\u00a0\u00bb par l\u2019Institut des \u00c9tudes et de la Recherche sur le Droit et la Justice.<\/p>\n\n\n\n<p>Un grand merci d\u2019avoir invit\u00e9 NOTAIRES AU F\u00c9MININ pour \u00e9voquer les pratiques des Notaires pour favoriser l\u2019\u00e9galit\u00e9.<\/p>\n\n\n\n<p>Oui, les notaires concourent au quotidien \u00e0 l\u2019ind\u00e9pendance \u00e9conomique de toutes et tous, mais il convient inlassablement de le faire savoir !<\/p>\n\n\n\n<p>\ud83d\udc49 C\u2019est l\u2019un des grands enjeux de notre association<\/p>\n\n\n\n<figure class=\"wp-block-gallery has-nested-images columns-2 is-cropped wp-block-gallery-1 is-layout-flex wp-block-gallery-is-layout-flex\">\n<figure class=\"wp-block-image size-large\"><img fetchpriority=\"high\" decoding=\"async\" width=\"503\" height=\"800\" data-id=\"1089\" src=\"https:\/\/notairesaufeminin.com\/wp-content\/uploads\/2025\/06\/20241120-colloque-femmes-justiciables-01.jpg\" alt=\"\" class=\"wp-image-1089\" srcset=\"https:\/\/notairesaufeminin.com\/wp-content\/uploads\/2025\/06\/20241120-colloque-femmes-justiciables-01.jpg 503w, https:\/\/notairesaufeminin.com\/wp-content\/uploads\/2025\/06\/20241120-colloque-femmes-justiciables-01-189x300.jpg 189w\" sizes=\"(max-width: 503px) 100vw, 503px\" \/><\/figure>\n\n\n\n<figure class=\"wp-block-image size-large\"><img decoding=\"async\" width=\"757\" height=\"800\" data-id=\"1088\" src=\"https:\/\/notairesaufeminin.com\/wp-content\/uploads\/2025\/06\/20241120-colloque-femmes-justiciables-03.jpg\" alt=\"\" class=\"wp-image-1088\" srcset=\"https:\/\/notairesaufeminin.com\/wp-content\/uploads\/2025\/06\/20241120-colloque-femmes-justiciables-03.jpg 757w, https:\/\/notairesaufeminin.com\/wp-content\/uploads\/2025\/06\/20241120-colloque-femmes-justiciables-03-284x300.jpg 284w\" sizes=\"(max-width: 757px) 100vw, 757px\" \/><\/figure>\n\n\n\n<figure class=\"wp-block-image size-large\"><img decoding=\"async\" width=\"800\" height=\"600\" data-id=\"1087\" src=\"https:\/\/notairesaufeminin.com\/wp-content\/uploads\/2025\/06\/20241120-colloque-femmes-justiciables-02.jpg\" alt=\"\" class=\"wp-image-1087\" srcset=\"https:\/\/notairesaufeminin.com\/wp-content\/uploads\/2025\/06\/20241120-colloque-femmes-justiciables-02.jpg 800w, https:\/\/notairesaufeminin.com\/wp-content\/uploads\/2025\/06\/20241120-colloque-femmes-justiciables-02-300x225.jpg 300w, https:\/\/notairesaufeminin.com\/wp-content\/uploads\/2025\/06\/20241120-colloque-femmes-justiciables-02-768x576.jpg 768w\" sizes=\"(max-width: 800px) 100vw, 800px\" \/><\/figure>\n<\/figure>\n","protected":false},"excerpt":{"rendered":"<p>Aujourd\u2019hui \u00e9tait organis\u00e9 le colloque : \u00ab\u00a0Femmes justiciables et professionnelles de justice\u00a0\u00bb par l\u2019Institut des \u00c9tudes et de la Recherche sur le Droit et la Justice. Un grand merci d\u2019avoir invit\u00e9 NOTAIRES AU F\u00c9MININ pour \u00e9voquer les pratiques des Notaires pour favoriser l\u2019\u00e9galit\u00e9. Oui, les notaires concourent au quotidien \u00e0 l\u2019ind\u00e9pendance \u00e9conomique de toutes et [&hellip;]<\/p>\n","protected":false},"author":1,"featured_media":1087,"comment_status":"closed","ping_status":"open","sticky":false,"template":"","format":"standard","meta":{"footnotes":""},"categories":[7],"tags":[],"class_list":["post-1086","post","type-post","status-publish","format-standard","has-post-thumbnail","hentry","category-nos-evenements"],"_links":{"self":[{"href":"https:\/\/notairesaufeminin.com\/index.php\/wp-json\/wp\/v2\/posts\/1086","targetHints":{"allow":["GET"]}}],"collection":[{"href":"https:\/\/notairesaufeminin.com\/index.php\/wp-json\/wp\/v2\/posts"}],"about":[{"href":"https:\/\/notairesaufeminin.com\/index.php\/wp-json\/wp\/v2\/types\/post"}],"author":[{"embeddable":true,"href":"https:\/\/notairesaufeminin.com\/index.php\/wp-json\/wp\/v2\/users\/1"}],"replies":[{"embeddable":true,"href":"https:\/\/notairesaufeminin.com\/index.php\/wp-json\/wp\/v2\/comments?post=1086"}],"version-history":[{"count":2,"href":"https:\/\/notairesaufeminin.com\/index.php\/wp-json\/wp\/v2\/posts\/1086\/revisions"}],"predecessor-version":[{"id":1091,"href":"https:\/\/notairesaufeminin.com\/index.php\/wp-json\/wp\/v2\/posts\/1086\/revisions\/1091"}],"wp:featuredmedia":[{"embeddable":true,"href":"https:\/\/notairesaufeminin.com\/index.php\/wp-json\/wp\/v2\/media\/1087"}],"wp:attachment":[{"href":"https:\/\/notairesaufeminin.com\/index.php\/wp-json\/wp\/v2\/media?parent=1086"}],"wp:term":[{"taxonomy":"category","embeddable":true,"href":"https:\/\/notairesaufeminin.com\/index.php\/wp-json\/wp\/v2\/categories?post=1086"},{"taxonomy":"post_tag","embeddable":true,"href":"https:\/\/notairesaufeminin.com\/index.php\/wp-json\/wp\/v2\/tags?post=1086"}],"curies":[{"name":"wp","href":"https:\/\/api.w.org\/{rel}","templated":true}]}}