{"id":1049,"date":"2024-06-13T17:33:00","date_gmt":"2024-06-13T15:33:00","guid":{"rendered":"https:\/\/notairesaufeminin.com\/?p=1049"},"modified":"2025-06-24T17:41:13","modified_gmt":"2025-06-24T15:41:13","slug":"reunion-inter-association-femmes-du-droit-et-du-chiffre-juin-2024","status":"publish","type":"post","link":"https:\/\/notairesaufeminin.com\/index.php\/2024\/06\/13\/reunion-inter-association-femmes-du-droit-et-du-chiffre-juin-2024\/","title":{"rendered":"R\u00e9union inter association femmes du droit et du chiffre &#8211; juin 2024"},"content":{"rendered":"\n<p>En ma qualit\u00e9 de Pr\u00e9sidente de l\u2019Association NOTAIRES AU F\u00c9MININ.COM, Me Barbara Thomas-Davis a \u00e9t\u00e9 invit\u00e9e par<br>L\u2019 Association des Femmes Experts-Comptables Agir pour la parit\u00e9, et sa pr\u00e9sidente, Sophie Coudr\u00e9, le 10 juin chez Generali.<\/p>\n\n\n\n<p><br>En pr\u00e9sence de :<br>\ud83d\udd39 C\u00e9cile de Saint Michel, Pr\u00e9sidente du Conseil national de l&rsquo;ordre des experts-comptables,<br>\ud83d\udd39 Fran\u00e7oise SAV\u00c9S pr\u00e9sidente d\u2019honneur de L\u2019IFEC &#8211; Institut Fran\u00e7ais des Experts-Comptables et des Commissaires aux Comptes National,<br>\ud83d\udd39 Mathilde Jouanneau , avocate pr\u00e9sidente de l\u2019association Femmes et Droit,<br>\ud83d\udd39 Agn\u00e8s Bricard pr\u00e9sidente fondatrice de l\u2019AFEC.<br><br>\ud83d\udc49 Toutes ensembles, nous souhaitons \u00eatre moteurs et inspirantes pour l\u2019avanc\u00e9e des femmes dans les professions r\u00e9glement\u00e9es.<br><\/p>\n\n\n\n<div class=\"wp-block-columns is-layout-flex wp-container-core-columns-is-layout-28f84493 wp-block-columns-is-layout-flex\">\n<div class=\"wp-block-column is-layout-flow wp-block-column-is-layout-flow\">\n<figure class=\"wp-block-image size-large\"><img fetchpriority=\"high\" decoding=\"async\" width=\"715\" height=\"1024\" src=\"https:\/\/notairesaufeminin.com\/wp-content\/uploads\/2025\/06\/20240610-reunion-inter-association-01-715x1024.jpg\" alt=\"\" class=\"wp-image-1050\" srcset=\"https:\/\/notairesaufeminin.com\/wp-content\/uploads\/2025\/06\/20240610-reunion-inter-association-01-715x1024.jpg 715w, https:\/\/notairesaufeminin.com\/wp-content\/uploads\/2025\/06\/20240610-reunion-inter-association-01-210x300.jpg 210w, https:\/\/notairesaufeminin.com\/wp-content\/uploads\/2025\/06\/20240610-reunion-inter-association-01-768x1099.jpg 768w, https:\/\/notairesaufeminin.com\/wp-content\/uploads\/2025\/06\/20240610-reunion-inter-association-01.jpg 800w\" sizes=\"(max-width: 715px) 100vw, 715px\" \/><\/figure>\n<\/div>\n\n\n\n<div class=\"wp-block-column is-layout-flow wp-block-column-is-layout-flow\">\n<p>\ud83d\ude4f Merci \u00e0 toutes, et \u00e0 la Fondation de Generali The Human Safety Net en pr\u00e9sence de Antoine Wattinne et Laurence Par\u00e9.<br>Sophie Coudr\u00e9 | Pr\u00e9sidente<br>Vanessa Ferreira | \u00a0Vice-pr\u00e9sidente<br>Val\u00e9rie Ammirati | Vice-pr\u00e9sidente<br>B\u00e9atrice CHARLAS | Vice-pr\u00e9sidente<br>Laurence PHILIPPOT | Secr\u00e9taire<br>Aur\u00e9lie BLIN \u2728 | Secr\u00e9taire adjointe<br>Alexandra VERNIER-BOGAERT | Tr\u00e9sori\u00e8re<br>Ainsi que\u00a0:<br>Ga\u00eblle MOURAD &#8211; MOYON<br>Madd\u00e9vie TROPEE<br>Edwige ROSSY<br>Laurence Par\u00e9 de G\u00e9n\u00e9rali<br>Antoine Wattine de C\u00e9gid Fondation<br>Fran\u00e7ois MILLO de c\u00e9gid<br>Eric Freudenreich, PAIB, CFE, CIA, CRMA, COSO, CMP<br>Shervin Janani<br>Sarah POTTIER<\/p>\n<\/div>\n<\/div>\n\n\n\n<p><br><\/p>\n","protected":false},"excerpt":{"rendered":"<p>En ma qualit\u00e9 de Pr\u00e9sidente de l\u2019Association NOTAIRES AU F\u00c9MININ.COM, Me Barbara Thomas-Davis a \u00e9t\u00e9 invit\u00e9e parL\u2019 Association des Femmes Experts-Comptables Agir pour la parit\u00e9, et sa pr\u00e9sidente, Sophie Coudr\u00e9, le 10 juin chez Generali. En pr\u00e9sence de :\ud83d\udd39 C\u00e9cile de Saint Michel, Pr\u00e9sidente du Conseil national de l&rsquo;ordre des experts-comptables,\ud83d\udd39 Fran\u00e7oise SAV\u00c9S pr\u00e9sidente d\u2019honneur [&hellip;]<\/p>\n","protected":false},"author":1,"featured_media":1051,"comment_status":"closed","ping_status":"open","sticky":false,"template":"","format":"standard","meta":{"footnotes":""},"categories":[7],"tags":[],"class_list":["post-1049","post","type-post","status-publish","format-standard","has-post-thumbnail","hentry","category-nos-evenements"],"_links":{"self":[{"href":"https:\/\/notairesaufeminin.com\/index.php\/wp-json\/wp\/v2\/posts\/1049","targetHints":{"allow":["GET"]}}],"collection":[{"href":"https:\/\/notairesaufeminin.com\/index.php\/wp-json\/wp\/v2\/posts"}],"about":[{"href":"https:\/\/notairesaufeminin.com\/index.php\/wp-json\/wp\/v2\/types\/post"}],"author":[{"embeddable":true,"href":"https:\/\/notairesaufeminin.com\/index.php\/wp-json\/wp\/v2\/users\/1"}],"replies":[{"embeddable":true,"href":"https:\/\/notairesaufeminin.com\/index.php\/wp-json\/wp\/v2\/comments?post=1049"}],"version-history":[{"count":1,"href":"https:\/\/notairesaufeminin.com\/index.php\/wp-json\/wp\/v2\/posts\/1049\/revisions"}],"predecessor-version":[{"id":1052,"href":"https:\/\/notairesaufeminin.com\/index.php\/wp-json\/wp\/v2\/posts\/1049\/revisions\/1052"}],"wp:featuredmedia":[{"embeddable":true,"href":"https:\/\/notairesaufeminin.com\/index.php\/wp-json\/wp\/v2\/media\/1051"}],"wp:attachment":[{"href":"https:\/\/notairesaufeminin.com\/index.php\/wp-json\/wp\/v2\/media?parent=1049"}],"wp:term":[{"taxonomy":"category","embeddable":true,"href":"https:\/\/notairesaufeminin.com\/index.php\/wp-json\/wp\/v2\/categories?post=1049"},{"taxonomy":"post_tag","embeddable":true,"href":"https:\/\/notairesaufeminin.com\/index.php\/wp-json\/wp\/v2\/tags?post=1049"}],"curies":[{"name":"wp","href":"https:\/\/api.w.org\/{rel}","templated":true}]}}